{"id":3261,"date":"2024-03-11T08:35:30","date_gmt":"2024-03-11T07:35:30","guid":{"rendered":"https:\/\/haas-eschborn.de\/?p=3261"},"modified":"2024-03-11T08:35:30","modified_gmt":"2024-03-11T07:35:30","slug":"das-neue-fachkraefteeinwanderungsgesetz-kurzzeitige-beschaeftigung-von-personal-aus-dem-ausland","status":"publish","type":"post","link":"https:\/\/haas-eschborn.de\/ru\/das-neue-fachkraefteeinwanderungsgesetz-kurzzeitige-beschaeftigung-von-personal-aus-dem-ausland\/","title":{"rendered":"\u041d\u043e\u0432\u044b\u0439 \u0437\u0430\u043a\u043e\u043d \u043e\u0431 \u0438\u043c\u043c\u0438\u0433\u0440\u0430\u0446\u0438\u0438 \u043a\u0432\u0430\u043b\u0438\u0444\u0438\u0446\u0438\u0440\u043e\u0432\u0430\u043d\u043d\u043e\u0439 \u0440\u0430\u0431\u043e\u0447\u0435\u0439 \u0441\u0438\u043b\u044b: \u043a\u0440\u0430\u0442\u043a\u043e\u0441\u0440\u043e\u0447\u043d\u043e\u0435 \u0442\u0440\u0443\u0434\u043e\u0443\u0441\u0442\u0440\u043e\u0439\u0441\u0442\u0432\u043e \u0441\u043e\u0442\u0440\u0443\u0434\u043d\u0438\u043a\u043e\u0432 \u0438\u0437-\u0437\u0430 \u0440\u0443\u0431\u0435\u0436\u0430"},"content":{"rendered":"<p style=\"text-align: justify;\">Seit 1. M\u00e4rz 2024 ist es so weit: Die zweite Stufe des neuen Fachkr\u00e4fteeinwanderungsgesetzes ist in Kraft getreten. Ein Baustein davon ist die sog. kurzzeitige kontingentierte Besch\u00e4ftigung, womit es Unternehmen m\u00f6glich gemacht wird, in besonders arbeitsintensiven Zeiten kurzfristig ausl\u00e4ndische Arbeitnehmer einzustellen.<\/p>\n<p style=\"text-align: justify;\">Vielen Arbeitgebern f\u00e4llt es mittlerweile schwer, in Spitzenzeiten ihrer Branchen alle notwendigen Stellen zu besetzen. Die kurzzeitige kontingentierte Besch\u00e4ftigung, die das Fachkr\u00e4fteeinwanderungsgesetz erg\u00e4nzt, er\u00f6ffnet Betrieben nun die M\u00f6glichkeit, ausl\u00e4ndische Arbeitnehmer f\u00fcr einen Zeitraum von bis zu acht Monaten einzustellen. Gerade im Hotel- und Gastst\u00e4ttengewerbe oder an Flugh\u00e4fen k\u00f6nnen diese Arbeitskr\u00e4fte in der Hauptsaison Engp\u00e4sse beseitigen, wenn nicht ausreichend inl\u00e4ndisches Potenzial erschlossen werden kann.<\/p>\n<p>&nbsp;<\/p>\n<h2>Bundesagentur f\u00fcr Arbeit (BA) kann Zustimmung f\u00fcr jede Besch\u00e4ftigung erteilen<\/h2>\n<p style=\"text-align: justify;\">Eine Berufsausbildung oder ein Hochschulabschluss sind hierbei nicht von N\u00f6ten. Die BA kann die Arbeitserlaubnis grunds\u00e4tzlich f\u00fcr jede Besch\u00e4ftigung im Inland erteilen. Unter anderem pr\u00fcft die BA folgende Voraussetzungen:<\/p>\n<ul style=\"text-align: justify;\">\n<li>inl\u00e4ndische Besch\u00e4ftigung von mindestens 30 Stunden\/Woche<\/li>\n<li>Bindung des Betriebs an einen Tarifvertrag sowie die Verg\u00fctung zu den tariflichen Regelungen<\/li>\n<li>\u00dcbernahme der Reisekosten durch das Unternehmen<\/li>\n<\/ul>\n<p style=\"text-align: justify;\">Die Anwerbung und Rekrutierung der Arbeitskr\u00e4fte werden von den Betrieben selbst vollzogen.<\/p>\n<p>&nbsp;<\/p>\n<h2>BA: Kontingent von 25.000 Zustimmungen<\/h2>\n<p style=\"text-align: justify;\">Voraussetzung f\u00fcr die kurzzeitige kontingentierte Besch\u00e4ftigung ist, dass die BA eine Zulassungszahl festgelegt hat, die sich am konkreten Bedarf orientiert. Die BA hat hier folgende Festlegung getroffen:<\/p>\n<blockquote>\n<p style=\"text-align: justify;\"><em>\u201eEs wird pro Kalenderjahr ein Kontingent in H\u00f6he von 25.000 f\u00fcr Zustimmungen zu einem Aufenthaltstitel oder f\u00fcr die Erteilung von Arbeitserlaubnissen festgesetzt.\u201c<\/em><\/p>\n<\/blockquote>\n<p style=\"text-align: justify;\">Ausgenommen davon sind aktuell Erntehelfer in der Landwirtschaft. Arbeitgeber k\u00f6nnen ab 1. M\u00e4rz bei der BA eine Arbeitserlaubnis oder eine Vorabstimmung zu einem Aufenthaltstitel f\u00fcr Arbeitskr\u00e4fte aus dem Ausland beantragen. Seit M\u00e4rz dieses Jahrs steht der entsprechende Online-Service zur Verf\u00fcgung. Bis die oben genannte Grenze von 25.000 Zustimmungen \u00fcberschritten wurde, k\u00f6nnen somit Personen aus Drittstaaten nach Deutschland einreisen und hier f\u00fcr einen begrenzten Zeitraum in einem tarifgebundenen Betrieb t\u00e4tig werden.<\/p>","protected":false},"excerpt":{"rendered":"<p>1 \u043c\u0430\u0440\u0442\u0430 2024 \u0433\u043e\u0434\u0430 \u0432\u0441\u0442\u0443\u043f\u0430\u0435\u0442 \u0432 \u0441\u0438\u043b\u0443 \u0432\u0442\u043e\u0440\u043e\u0439 \u044d\u0442\u0430\u043f \u043d\u043e\u0432\u043e\u0433\u043e \u0417\u0430\u043a\u043e\u043d\u0430 \u043e \u043a\u0432\u0430\u043b\u0438\u0444\u0438\u0446\u0438\u0440\u043e\u0432\u0430\u043d\u043d\u043e\u0439 \u0438\u043c\u043c\u0438\u0433\u0440\u0430\u0446\u0438\u0438. \u041e\u0434\u043d\u0438\u043c \u0438\u0437 \u043a\u043e\u043c\u043f\u043e\u043d\u0435\u043d\u0442\u043e\u0432 \u044d\u0442\u043e\u0433\u043e \u0437\u0430\u043a\u043e\u043d\u0430 \u044f\u0432\u043b\u044f\u0435\u0442\u0441\u044f \u0442\u0430\u043a \u043d\u0430\u0437\u044b\u0432\u0430\u0435\u043c\u0430\u044f \u043a\u0440\u0430\u0442\u043a\u043e\u0441\u0440\u043e\u0447\u043d\u0430\u044f \u0437\u0430\u0451\u043c\u043d\u0430\u044f \u0440\u0430\u0431\u043e\u0442\u0430, \u043a\u043e\u0442\u043e\u0440\u0430\u044f \u043f\u043e\u0437\u0432\u043e\u043b\u044f\u0435\u0442 \u043a\u043e\u043c\u043f\u0430\u043d\u0438\u044f\u043c \u043d\u0430\u043d\u0438\u043c\u0430\u0442\u044c \u0438\u043d\u043e\u0441\u0442\u0440\u0430\u043d\u043d\u044b\u0445 \u0440\u0430\u0431\u043e\u0442\u043d\u0438\u043a\u043e\u0432 \u043f\u043e \u043f\u0435\u0440\u0432\u043e\u043c\u0443 \u0442\u0440\u0435\u0431\u043e\u0432\u0430\u043d\u0438\u044e \u0432 \u043f\u0435\u0440\u0438\u043e\u0434\u044b \u043e\u0441\u043e\u0431\u043e\u0439 \u0442\u0440\u0443\u0434\u043e\u0451\u043c\u043a\u043e\u0441\u0442\u0438. \u041c\u043d\u043e\u0433\u0438\u0435 \u0440\u0430\u0431\u043e\u0442\u043e\u0434\u0430\u0442\u0435\u043b\u0438 \u0441\u0442\u0430\u043b\u043a\u0438\u0432\u0430\u044e\u0442\u0441\u044f \u0441 \u043f\u0440\u043e\u0431\u043b\u0435\u043c\u043e\u0439 \u0437\u0430\u043f\u043e\u043b\u043d\u0435\u043d\u0438\u044f \u0432\u0441\u0435\u0445 \u043d\u0435\u043e\u0431\u0445\u043e\u0434\u0438\u043c\u044b\u0445 \u0432\u0430\u043a\u0430\u043d\u0441\u0438\u0439 \u0432 \u043f\u0438\u043a\u043e\u0432\u044b\u0435 \u043f\u0435\u0440\u0438\u043e\u0434\u044b \u0432 \u0441\u0432\u043e\u0438\u0445 \u043e\u0442\u0440\u0430\u0441\u043b\u044f\u0445.<\/p>","protected":false},"author":2,"featured_media":3263,"comment_status":"open","ping_status":"open","sticky":false,"template":"","format":"standard","meta":{"footnotes":""},"categories":[44,52],"tags":[],"class_list":["post-3261","post","type-post","status-publish","format-standard","has-post-thumbnail","hentry","category-arbeitsrecht","category-neuigkeiten"],"yoast_head":"<!-- This site is optimized with the Yoast SEO plugin v27.3 - https:\/\/yoast.com\/product\/yoast-seo-wordpress\/ -->\n<title>Fachkr\u00e4fteeinwanderungsgesetz: Kurzzeitige Besch\u00e4ftigung<\/title>\n<meta name=\"description\" content=\"Seit M\u00e4rz 2024 kann Personal aus dem Ausland kurzzeitig besch\u00e4ftigt werden. Das neue Fachkr\u00e4fteeinwanderungsgesetz ist in Kraft.\" \/>\n<meta name=\"robots\" content=\"index, follow, max-snippet:-1, max-image-preview:large, max-video-preview:-1\" \/>\n<link rel=\"canonical\" href=\"https:\/\/haas-eschborn.de\/ru\/das-neue-fachkraefteeinwanderungsgesetz-kurzzeitige-beschaeftigung-von-personal-aus-dem-ausland\/\" \/>\n<meta property=\"og:locale\" content=\"ru_RU\" \/>\n<meta property=\"og:type\" content=\"article\" \/>\n<meta property=\"og:title\" content=\"Fachkr\u00e4fteeinwanderungsgesetz: Kurzzeitige Besch\u00e4ftigung\" \/>\n<meta property=\"og:description\" content=\"Seit M\u00e4rz 2024 kann Personal aus dem Ausland kurzzeitig besch\u00e4ftigt werden. Das neue Fachkr\u00e4fteeinwanderungsgesetz ist in Kraft.\" \/>\n<meta property=\"og:url\" content=\"https:\/\/haas-eschborn.de\/ru\/das-neue-fachkraefteeinwanderungsgesetz-kurzzeitige-beschaeftigung-von-personal-aus-dem-ausland\/\" \/>\n<meta property=\"og:site_name\" content=\"Haas und Kollegen GmbH\" \/>\n<meta property=\"article:publisher\" content=\"https:\/\/www.facebook.com\/Haas-und-Kollegen-112930413897262\" \/>\n<meta property=\"article:published_time\" content=\"2024-03-11T07:35:30+00:00\" \/>\n<meta property=\"og:image\" content=\"https:\/\/haas-eschborn.de\/wp-content\/uploads\/2024\/03\/fachkraefteeinwanderungsgesetz_03-2024.jpg\" \/>\n\t<meta property=\"og:image:width\" content=\"850\" \/>\n\t<meta property=\"og:image:height\" content=\"500\" \/>\n\t<meta property=\"og:image:type\" content=\"image\/jpeg\" \/>\n<meta name=\"author\" content=\"Frank Haas\" \/>\n<meta name=\"twitter:card\" content=\"summary_large_image\" \/>\n<meta name=\"twitter:creator\" content=\"@kanzlei_haas\" \/>\n<meta name=\"twitter:site\" content=\"@kanzlei_haas\" \/>\n<meta name=\"twitter:label1\" content=\"\u041d\u0430\u043f\u0438\u0441\u0430\u043d\u043e \u0430\u0432\u0442\u043e\u0440\u043e\u043c\" \/>\n\t<meta name=\"twitter:data1\" content=\"Frank Haas\" \/>\n\t<meta name=\"twitter:label2\" content=\"\u041f\u0440\u0438\u043c\u0435\u0440\u043d\u043e\u0435 \u0432\u0440\u0435\u043c\u044f \u0434\u043b\u044f \u0447\u0442\u0435\u043d\u0438\u044f\" \/>\n\t<meta name=\"twitter:data2\" content=\"2 \u043c\u0438\u043d\u0443\u0442\u044b\" \/>\n<script type=\"application\/ld+json\" class=\"yoast-schema-graph\">{\"@context\":\"https:\\\/\\\/schema.org\",\"@graph\":[{\"@type\":\"Article\",\"@id\":\"https:\\\/\\\/haas-eschborn.de\\\/das-neue-fachkraefteeinwanderungsgesetz-kurzzeitige-beschaeftigung-von-personal-aus-dem-ausland\\\/#article\",\"isPartOf\":{\"@id\":\"https:\\\/\\\/haas-eschborn.de\\\/das-neue-fachkraefteeinwanderungsgesetz-kurzzeitige-beschaeftigung-von-personal-aus-dem-ausland\\\/\"},\"author\":{\"name\":\"Frank Haas\",\"@id\":\"https:\\\/\\\/haas-eschborn.de\\\/#\\\/schema\\\/person\\\/52b7c15c6d37bb6489e5efa7a6eb6c40\"},\"headline\":\"Das neue Fachkr\u00e4fteeinwanderungsgesetz: Kurzzeitige Besch\u00e4ftigung von Personal aus dem Ausland\",\"datePublished\":\"2024-03-11T07:35:30+00:00\",\"mainEntityOfPage\":{\"@id\":\"https:\\\/\\\/haas-eschborn.de\\\/das-neue-fachkraefteeinwanderungsgesetz-kurzzeitige-beschaeftigung-von-personal-aus-dem-ausland\\\/\"},\"wordCount\":357,\"commentCount\":0,\"publisher\":{\"@id\":\"https:\\\/\\\/haas-eschborn.de\\\/#organization\"},\"image\":{\"@id\":\"https:\\\/\\\/haas-eschborn.de\\\/das-neue-fachkraefteeinwanderungsgesetz-kurzzeitige-beschaeftigung-von-personal-aus-dem-ausland\\\/#primaryimage\"},\"thumbnailUrl\":\"https:\\\/\\\/haas-eschborn.de\\\/wp-content\\\/uploads\\\/2024\\\/03\\\/fachkraefteeinwanderungsgesetz_03-2024.jpg\",\"articleSection\":[\"Arbeitsrecht\",\"Neuigkeiten\"],\"inLanguage\":\"ru-RU\",\"potentialAction\":[{\"@type\":\"CommentAction\",\"name\":\"Comment\",\"target\":[\"https:\\\/\\\/haas-eschborn.de\\\/das-neue-fachkraefteeinwanderungsgesetz-kurzzeitige-beschaeftigung-von-personal-aus-dem-ausland\\\/#respond\"]}]},{\"@type\":\"WebPage\",\"@id\":\"https:\\\/\\\/haas-eschborn.de\\\/das-neue-fachkraefteeinwanderungsgesetz-kurzzeitige-beschaeftigung-von-personal-aus-dem-ausland\\\/\",\"url\":\"https:\\\/\\\/haas-eschborn.de\\\/das-neue-fachkraefteeinwanderungsgesetz-kurzzeitige-beschaeftigung-von-personal-aus-dem-ausland\\\/\",\"name\":\"Fachkr\u00e4fteeinwanderungsgesetz: Kurzzeitige Besch\u00e4ftigung\",\"isPartOf\":{\"@id\":\"https:\\\/\\\/haas-eschborn.de\\\/#website\"},\"primaryImageOfPage\":{\"@id\":\"https:\\\/\\\/haas-eschborn.de\\\/das-neue-fachkraefteeinwanderungsgesetz-kurzzeitige-beschaeftigung-von-personal-aus-dem-ausland\\\/#primaryimage\"},\"image\":{\"@id\":\"https:\\\/\\\/haas-eschborn.de\\\/das-neue-fachkraefteeinwanderungsgesetz-kurzzeitige-beschaeftigung-von-personal-aus-dem-ausland\\\/#primaryimage\"},\"thumbnailUrl\":\"https:\\\/\\\/haas-eschborn.de\\\/wp-content\\\/uploads\\\/2024\\\/03\\\/fachkraefteeinwanderungsgesetz_03-2024.jpg\",\"datePublished\":\"2024-03-11T07:35:30+00:00\",\"description\":\"Seit M\u00e4rz 2024 kann Personal aus dem Ausland kurzzeitig besch\u00e4ftigt werden. Das neue Fachkr\u00e4fteeinwanderungsgesetz ist in Kraft.\",\"breadcrumb\":{\"@id\":\"https:\\\/\\\/haas-eschborn.de\\\/das-neue-fachkraefteeinwanderungsgesetz-kurzzeitige-beschaeftigung-von-personal-aus-dem-ausland\\\/#breadcrumb\"},\"inLanguage\":\"ru-RU\",\"potentialAction\":[{\"@type\":\"ReadAction\",\"target\":[\"https:\\\/\\\/haas-eschborn.de\\\/das-neue-fachkraefteeinwanderungsgesetz-kurzzeitige-beschaeftigung-von-personal-aus-dem-ausland\\\/\"]}]},{\"@type\":\"ImageObject\",\"inLanguage\":\"ru-RU\",\"@id\":\"https:\\\/\\\/haas-eschborn.de\\\/das-neue-fachkraefteeinwanderungsgesetz-kurzzeitige-beschaeftigung-von-personal-aus-dem-ausland\\\/#primaryimage\",\"url\":\"https:\\\/\\\/haas-eschborn.de\\\/wp-content\\\/uploads\\\/2024\\\/03\\\/fachkraefteeinwanderungsgesetz_03-2024.jpg\",\"contentUrl\":\"https:\\\/\\\/haas-eschborn.de\\\/wp-content\\\/uploads\\\/2024\\\/03\\\/fachkraefteeinwanderungsgesetz_03-2024.jpg\",\"width\":850,\"height\":500,\"caption\":\"Ab M\u00e4rz: Kurzzeitige Besch\u00e4ftigung von Personal aus dem Ausland\"},{\"@type\":\"BreadcrumbList\",\"@id\":\"https:\\\/\\\/haas-eschborn.de\\\/das-neue-fachkraefteeinwanderungsgesetz-kurzzeitige-beschaeftigung-von-personal-aus-dem-ausland\\\/#breadcrumb\",\"itemListElement\":[{\"@type\":\"ListItem\",\"position\":1,\"name\":\"Startseite\",\"item\":\"https:\\\/\\\/haas-eschborn.de\\\/\"},{\"@type\":\"ListItem\",\"position\":2,\"name\":\"Das neue Fachkr\u00e4fteeinwanderungsgesetz: Kurzzeitige Besch\u00e4ftigung von Personal aus dem Ausland\"}]},{\"@type\":\"WebSite\",\"@id\":\"https:\\\/\\\/haas-eschborn.de\\\/#website\",\"url\":\"https:\\\/\\\/haas-eschborn.de\\\/\",\"name\":\"Haas und Kollegen GmbH\",\"description\":\"Rechtsanw\u00e4lte &amp; Steuerberater\",\"publisher\":{\"@id\":\"https:\\\/\\\/haas-eschborn.de\\\/#organization\"},\"potentialAction\":[{\"@type\":\"SearchAction\",\"target\":{\"@type\":\"EntryPoint\",\"urlTemplate\":\"https:\\\/\\\/haas-eschborn.de\\\/?s={search_term_string}\"},\"query-input\":{\"@type\":\"PropertyValueSpecification\",\"valueRequired\":true,\"valueName\":\"search_term_string\"}}],\"inLanguage\":\"ru-RU\"},{\"@type\":\"Organization\",\"@id\":\"https:\\\/\\\/haas-eschborn.de\\\/#organization\",\"name\":\"Haas und Kollegen GmbH - Steuerberater & Rechtsanw\u00e4lte\",\"url\":\"https:\\\/\\\/haas-eschborn.de\\\/\",\"logo\":{\"@type\":\"ImageObject\",\"inLanguage\":\"ru-RU\",\"@id\":\"https:\\\/\\\/haas-eschborn.de\\\/#\\\/schema\\\/logo\\\/image\\\/\",\"url\":\"https:\\\/\\\/haas-eschborn.de\\\/wp-content\\\/uploads\\\/2022\\\/09\\\/LOGO_Haas-und-Kollegen-GmbH_403x75px.png\",\"contentUrl\":\"https:\\\/\\\/haas-eschborn.de\\\/wp-content\\\/uploads\\\/2022\\\/09\\\/LOGO_Haas-und-Kollegen-GmbH_403x75px.png\",\"width\":403,\"height\":75,\"caption\":\"Haas und Kollegen GmbH - Steuerberater & Rechtsanw\u00e4lte\"},\"image\":{\"@id\":\"https:\\\/\\\/haas-eschborn.de\\\/#\\\/schema\\\/logo\\\/image\\\/\"},\"sameAs\":[\"https:\\\/\\\/www.facebook.com\\\/Haas-und-Kollegen-112930413897262\",\"https:\\\/\\\/x.com\\\/kanzlei_haas\",\"https:\\\/\\\/www.youtube.com\\\/channel\\\/UCz7SpzYcvJk6f3JPoZY-1_Q\"]},{\"@type\":\"Person\",\"@id\":\"https:\\\/\\\/haas-eschborn.de\\\/#\\\/schema\\\/person\\\/52b7c15c6d37bb6489e5efa7a6eb6c40\",\"name\":\"Frank Haas\",\"image\":{\"@type\":\"ImageObject\",\"inLanguage\":\"ru-RU\",\"@id\":\"https:\\\/\\\/secure.gravatar.com\\\/avatar\\\/a537fb036143e852ca29deb53310252f796883d553cec8cd62793710eed0b841?s=96&d=mm&r=g\",\"url\":\"https:\\\/\\\/secure.gravatar.com\\\/avatar\\\/a537fb036143e852ca29deb53310252f796883d553cec8cd62793710eed0b841?s=96&d=mm&r=g\",\"contentUrl\":\"https:\\\/\\\/secure.gravatar.com\\\/avatar\\\/a537fb036143e852ca29deb53310252f796883d553cec8cd62793710eed0b841?s=96&d=mm&r=g\",\"caption\":\"Frank Haas\"},\"description\":\"Frank Haas ist Rechtsanwalt, Steuerberater und Kanzleiinhaber aus Eschborn bei Frankfurt am Main. Zu seinen T\u00e4tigkeitsschwerpunkten geh\u00f6ren s\u00e4mtliche steuerliche Themengebiete sowie die Rechtsbereiche Arbeitsrecht, Steuerstrafrecht, Erbrecht, Wirtschaftsrecht und Gesellschaftsrecht.\",\"sameAs\":[\"https:\\\/\\\/haas-eschborn.de\"],\"url\":\"https:\\\/\\\/haas-eschborn.de\\\/ru\\\/author\\\/frank_haas_login\\\/\"}]}<\/script>\n<!-- \/ Yoast SEO plugin. -->","yoast_head_json":{"title":"Fachkr\u00e4fteeinwanderungsgesetz: Kurzzeitige Besch\u00e4ftigung","description":"Seit M\u00e4rz 2024 kann Personal aus dem Ausland kurzzeitig besch\u00e4ftigt werden. Das neue Fachkr\u00e4fteeinwanderungsgesetz ist in Kraft.","robots":{"index":"index","follow":"follow","max-snippet":"max-snippet:-1","max-image-preview":"max-image-preview:large","max-video-preview":"max-video-preview:-1"},"canonical":"https:\/\/haas-eschborn.de\/ru\/das-neue-fachkraefteeinwanderungsgesetz-kurzzeitige-beschaeftigung-von-personal-aus-dem-ausland\/","og_locale":"ru_RU","og_type":"article","og_title":"Fachkr\u00e4fteeinwanderungsgesetz: Kurzzeitige Besch\u00e4ftigung","og_description":"Seit M\u00e4rz 2024 kann Personal aus dem Ausland kurzzeitig besch\u00e4ftigt werden. Das neue Fachkr\u00e4fteeinwanderungsgesetz ist in Kraft.","og_url":"https:\/\/haas-eschborn.de\/ru\/das-neue-fachkraefteeinwanderungsgesetz-kurzzeitige-beschaeftigung-von-personal-aus-dem-ausland\/","og_site_name":"Haas und Kollegen GmbH","article_publisher":"https:\/\/www.facebook.com\/Haas-und-Kollegen-112930413897262","article_published_time":"2024-03-11T07:35:30+00:00","og_image":[{"width":850,"height":500,"url":"https:\/\/haas-eschborn.de\/wp-content\/uploads\/2024\/03\/fachkraefteeinwanderungsgesetz_03-2024.jpg","type":"image\/jpeg"}],"author":"Frank Haas","twitter_card":"summary_large_image","twitter_creator":"@kanzlei_haas","twitter_site":"@kanzlei_haas","twitter_misc":{"\u041d\u0430\u043f\u0438\u0441\u0430\u043d\u043e \u0430\u0432\u0442\u043e\u0440\u043e\u043c":"Frank Haas","\u041f\u0440\u0438\u043c\u0435\u0440\u043d\u043e\u0435 \u0432\u0440\u0435\u043c\u044f \u0434\u043b\u044f \u0447\u0442\u0435\u043d\u0438\u044f":"2 \u043c\u0438\u043d\u0443\u0442\u044b"},"schema":{"@context":"https:\/\/schema.org","@graph":[{"@type":"Article","@id":"https:\/\/haas-eschborn.de\/das-neue-fachkraefteeinwanderungsgesetz-kurzzeitige-beschaeftigung-von-personal-aus-dem-ausland\/#article","isPartOf":{"@id":"https:\/\/haas-eschborn.de\/das-neue-fachkraefteeinwanderungsgesetz-kurzzeitige-beschaeftigung-von-personal-aus-dem-ausland\/"},"author":{"name":"Frank Haas","@id":"https:\/\/haas-eschborn.de\/#\/schema\/person\/52b7c15c6d37bb6489e5efa7a6eb6c40"},"headline":"Das neue Fachkr\u00e4fteeinwanderungsgesetz: Kurzzeitige Besch\u00e4ftigung von Personal aus dem Ausland","datePublished":"2024-03-11T07:35:30+00:00","mainEntityOfPage":{"@id":"https:\/\/haas-eschborn.de\/das-neue-fachkraefteeinwanderungsgesetz-kurzzeitige-beschaeftigung-von-personal-aus-dem-ausland\/"},"wordCount":357,"commentCount":0,"publisher":{"@id":"https:\/\/haas-eschborn.de\/#organization"},"image":{"@id":"https:\/\/haas-eschborn.de\/das-neue-fachkraefteeinwanderungsgesetz-kurzzeitige-beschaeftigung-von-personal-aus-dem-ausland\/#primaryimage"},"thumbnailUrl":"https:\/\/haas-eschborn.de\/wp-content\/uploads\/2024\/03\/fachkraefteeinwanderungsgesetz_03-2024.jpg","articleSection":["Arbeitsrecht","Neuigkeiten"],"inLanguage":"ru-RU","potentialAction":[{"@type":"CommentAction","name":"Comment","target":["https:\/\/haas-eschborn.de\/das-neue-fachkraefteeinwanderungsgesetz-kurzzeitige-beschaeftigung-von-personal-aus-dem-ausland\/#respond"]}]},{"@type":"WebPage","@id":"https:\/\/haas-eschborn.de\/das-neue-fachkraefteeinwanderungsgesetz-kurzzeitige-beschaeftigung-von-personal-aus-dem-ausland\/","url":"https:\/\/haas-eschborn.de\/das-neue-fachkraefteeinwanderungsgesetz-kurzzeitige-beschaeftigung-von-personal-aus-dem-ausland\/","name":"Fachkr\u00e4fteeinwanderungsgesetz: Kurzzeitige Besch\u00e4ftigung","isPartOf":{"@id":"https:\/\/haas-eschborn.de\/#website"},"primaryImageOfPage":{"@id":"https:\/\/haas-eschborn.de\/das-neue-fachkraefteeinwanderungsgesetz-kurzzeitige-beschaeftigung-von-personal-aus-dem-ausland\/#primaryimage"},"image":{"@id":"https:\/\/haas-eschborn.de\/das-neue-fachkraefteeinwanderungsgesetz-kurzzeitige-beschaeftigung-von-personal-aus-dem-ausland\/#primaryimage"},"thumbnailUrl":"https:\/\/haas-eschborn.de\/wp-content\/uploads\/2024\/03\/fachkraefteeinwanderungsgesetz_03-2024.jpg","datePublished":"2024-03-11T07:35:30+00:00","description":"Seit M\u00e4rz 2024 kann Personal aus dem Ausland kurzzeitig besch\u00e4ftigt werden. Das neue Fachkr\u00e4fteeinwanderungsgesetz ist in Kraft.","breadcrumb":{"@id":"https:\/\/haas-eschborn.de\/das-neue-fachkraefteeinwanderungsgesetz-kurzzeitige-beschaeftigung-von-personal-aus-dem-ausland\/#breadcrumb"},"inLanguage":"ru-RU","potentialAction":[{"@type":"ReadAction","target":["https:\/\/haas-eschborn.de\/das-neue-fachkraefteeinwanderungsgesetz-kurzzeitige-beschaeftigung-von-personal-aus-dem-ausland\/"]}]},{"@type":"ImageObject","inLanguage":"ru-RU","@id":"https:\/\/haas-eschborn.de\/das-neue-fachkraefteeinwanderungsgesetz-kurzzeitige-beschaeftigung-von-personal-aus-dem-ausland\/#primaryimage","url":"https:\/\/haas-eschborn.de\/wp-content\/uploads\/2024\/03\/fachkraefteeinwanderungsgesetz_03-2024.jpg","contentUrl":"https:\/\/haas-eschborn.de\/wp-content\/uploads\/2024\/03\/fachkraefteeinwanderungsgesetz_03-2024.jpg","width":850,"height":500,"caption":"Ab M\u00e4rz: Kurzzeitige Besch\u00e4ftigung von Personal aus dem Ausland"},{"@type":"BreadcrumbList","@id":"https:\/\/haas-eschborn.de\/das-neue-fachkraefteeinwanderungsgesetz-kurzzeitige-beschaeftigung-von-personal-aus-dem-ausland\/#breadcrumb","itemListElement":[{"@type":"ListItem","position":1,"name":"Startseite","item":"https:\/\/haas-eschborn.de\/"},{"@type":"ListItem","position":2,"name":"Das neue Fachkr\u00e4fteeinwanderungsgesetz: Kurzzeitige Besch\u00e4ftigung von Personal aus dem Ausland"}]},{"@type":"WebSite","@id":"https:\/\/haas-eschborn.de\/#website","url":"https:\/\/haas-eschborn.de\/","name":"Haas und Kollegen GmbH","description":"\u042e\u0440\u0438\u0441\u0442\u044b \u0438 \u043d\u0430\u043b\u043e\u0433\u043e\u0432\u044b\u0435 \u043a\u043e\u043d\u0441\u0443\u043b\u044c\u0442\u0430\u043d\u0442\u044b","publisher":{"@id":"https:\/\/haas-eschborn.de\/#organization"},"potentialAction":[{"@type":"SearchAction","target":{"@type":"EntryPoint","urlTemplate":"https:\/\/haas-eschborn.de\/?s={search_term_string}"},"query-input":{"@type":"PropertyValueSpecification","valueRequired":true,"valueName":"search_term_string"}}],"inLanguage":"ru-RU"},{"@type":"Organization","@id":"https:\/\/haas-eschborn.de\/#organization","name":"Haas und Kollegen GmbH - \u041d\u0430\u043b\u043e\u0433\u043e\u0432\u044b\u0435 \u043a\u043e\u043d\u0441\u0443\u043b\u044c\u0442\u0430\u043d\u0442\u044b \u0438 \u044e\u0440\u0438\u0441\u0442\u044b","url":"https:\/\/haas-eschborn.de\/","logo":{"@type":"ImageObject","inLanguage":"ru-RU","@id":"https:\/\/haas-eschborn.de\/#\/schema\/logo\/image\/","url":"https:\/\/haas-eschborn.de\/wp-content\/uploads\/2022\/09\/LOGO_Haas-und-Kollegen-GmbH_403x75px.png","contentUrl":"https:\/\/haas-eschborn.de\/wp-content\/uploads\/2022\/09\/LOGO_Haas-und-Kollegen-GmbH_403x75px.png","width":403,"height":75,"caption":"Haas und Kollegen GmbH - Steuerberater & Rechtsanw\u00e4lte"},"image":{"@id":"https:\/\/haas-eschborn.de\/#\/schema\/logo\/image\/"},"sameAs":["https:\/\/www.facebook.com\/Haas-und-Kollegen-112930413897262","https:\/\/x.com\/kanzlei_haas","https:\/\/www.youtube.com\/channel\/UCz7SpzYcvJk6f3JPoZY-1_Q"]},{"@type":"Person","@id":"https:\/\/haas-eschborn.de\/#\/schema\/person\/52b7c15c6d37bb6489e5efa7a6eb6c40","name":"\u0424\u0440\u044d\u043d\u043a \u0425\u0430\u0430\u0441","image":{"@type":"ImageObject","inLanguage":"ru-RU","@id":"https:\/\/secure.gravatar.com\/avatar\/a537fb036143e852ca29deb53310252f796883d553cec8cd62793710eed0b841?s=96&d=mm&r=g","url":"https:\/\/secure.gravatar.com\/avatar\/a537fb036143e852ca29deb53310252f796883d553cec8cd62793710eed0b841?s=96&d=mm&r=g","contentUrl":"https:\/\/secure.gravatar.com\/avatar\/a537fb036143e852ca29deb53310252f796883d553cec8cd62793710eed0b841?s=96&d=mm&r=g","caption":"Frank Haas"},"description":"\u0424\u0440\u0430\u043d\u043a \u0425\u0430\u0430\u0441 - \u044e\u0440\u0438\u0441\u0442, \u043d\u0430\u043b\u043e\u0433\u043e\u0432\u044b\u0439 \u043a\u043e\u043d\u0441\u0443\u043b\u044c\u0442\u0430\u043d\u0442 \u0438 \u0432\u043b\u0430\u0434\u0435\u043b\u0435\u0446 \u044e\u0440\u0438\u0434\u0438\u0447\u0435\u0441\u043a\u043e\u0439 \u0444\u0438\u0440\u043c\u044b \u0432 \u042d\u0448\u0431\u043e\u0440\u043d\u0435, \u043d\u0435\u0434\u0430\u043b\u0435\u043a\u043e \u043e\u0442 \u0424\u0440\u0430\u043d\u043a\u0444\u0443\u0440\u0442\u0430-\u043d\u0430-\u041c\u0430\u0439\u043d\u0435. \u041e\u043d \u0441\u043f\u0435\u0446\u0438\u0430\u043b\u0438\u0437\u0438\u0440\u0443\u0435\u0442\u0441\u044f \u0432\u043e \u0432\u0441\u0435\u0445 \u043e\u0431\u043b\u0430\u0441\u0442\u044f\u0445 \u043d\u0430\u043b\u043e\u0433\u043e\u0432\u043e\u0433\u043e \u043f\u0440\u0430\u0432\u0430, \u0430 \u0442\u0430\u043a\u0436\u0435 \u0442\u0440\u0443\u0434\u043e\u0432\u043e\u0433\u043e \u043f\u0440\u0430\u0432\u0430, \u0443\u0433\u043e\u043b\u043e\u0432\u043d\u043e\u0433\u043e \u043d\u0430\u043b\u043e\u0433\u043e\u0432\u043e\u0433\u043e \u043f\u0440\u0430\u0432\u0430, \u043d\u0430\u0441\u043b\u0435\u0434\u0441\u0442\u0432\u0435\u043d\u043d\u043e\u0433\u043e \u043f\u0440\u0430\u0432\u0430, \u043a\u043e\u043c\u043c\u0435\u0440\u0447\u0435\u0441\u043a\u043e\u0433\u043e \u043f\u0440\u0430\u0432\u0430 \u0438 \u043f\u0440\u0430\u0432\u0430 \u043a\u043e\u043c\u043f\u0430\u043d\u0438\u0439.","sameAs":["https:\/\/haas-eschborn.de"],"url":"https:\/\/haas-eschborn.de\/ru\/author\/frank_haas_login\/"}]}},"_links":{"self":[{"href":"https:\/\/haas-eschborn.de\/ru\/wp-json\/wp\/v2\/posts\/3261","targetHints":{"allow":["GET"]}}],"collection":[{"href":"https:\/\/haas-eschborn.de\/ru\/wp-json\/wp\/v2\/posts"}],"about":[{"href":"https:\/\/haas-eschborn.de\/ru\/wp-json\/wp\/v2\/types\/post"}],"author":[{"embeddable":true,"href":"https:\/\/haas-eschborn.de\/ru\/wp-json\/wp\/v2\/users\/2"}],"replies":[{"embeddable":true,"href":"https:\/\/haas-eschborn.de\/ru\/wp-json\/wp\/v2\/comments?post=3261"}],"version-history":[{"count":2,"href":"https:\/\/haas-eschborn.de\/ru\/wp-json\/wp\/v2\/posts\/3261\/revisions"}],"predecessor-version":[{"id":3264,"href":"https:\/\/haas-eschborn.de\/ru\/wp-json\/wp\/v2\/posts\/3261\/revisions\/3264"}],"wp:featuredmedia":[{"embeddable":true,"href":"https:\/\/haas-eschborn.de\/ru\/wp-json\/wp\/v2\/media\/3263"}],"wp:attachment":[{"href":"https:\/\/haas-eschborn.de\/ru\/wp-json\/wp\/v2\/media?parent=3261"}],"wp:term":[{"taxonomy":"category","embeddable":true,"href":"https:\/\/haas-eschborn.de\/ru\/wp-json\/wp\/v2\/categories?post=3261"},{"taxonomy":"post_tag","embeddable":true,"href":"https:\/\/haas-eschborn.de\/ru\/wp-json\/wp\/v2\/tags?post=3261"}],"curies":[{"name":"wp","href":"https:\/\/api.w.org\/{rel}","templated":true}]}}